{"id":909,"global_id":"pidm.pum.edu.pl\/kalendarz?id=909","global_id_lineage":["pidm.pum.edu.pl\/kalendarz?id=909"],"author":"6","status":"publish","date":"2026-09-01 13:23:40","date_utc":"2026-09-01 11:23:40","modified":"2026-09-01 13:24:51","modified_utc":"2026-09-01 11:24:51","url":"https:\/\/pidm.pum.edu.pl\/kalendarz\/wydarzenie\/10-miedzynarodowa-konferencja-naukowo-szkoleniowa-otologia-2027\/","rest_url":"https:\/\/pidm.pum.edu.pl\/kalendarz\/wp-json\/tribe\/events\/v1\/events\/909","title":"10. Mi\u0119dzynarodowa Konferencja Naukowo-Szkoleniowa OTOLOGIA 2027","description":"<p>Wydarzenie obj\u0119te jest honorowym patronatem Rektora PUM, prof. Leszka Doma\u0144skiego.<\/p>","excerpt":"","slug":"10-miedzynarodowa-konferencja-naukowo-szkoleniowa-otologia-2027","image":false,"all_day":false,"start_date":"2027-09-16 08:00:00","start_date_details":{"year":"2027","month":"09","day":"16","hour":"08","minutes":"00","seconds":"00"},"end_date":"2027-09-18 17:00:00","end_date_details":{"year":"2027","month":"09","day":"18","hour":"17","minutes":"00","seconds":"00"},"utc_start_date":"2027-09-16 06:00:00","utc_start_date_details":{"year":"2027","month":"09","day":"16","hour":"06","minutes":"00","seconds":"00"},"utc_end_date":"2027-09-18 15:00:00","utc_end_date_details":{"year":"2027","month":"09","day":"18","hour":"15","minutes":"00","seconds":"00"},"timezone":"Europe\/Warsaw","timezone_abbr":"CEST","cost":"","cost_details":{"currency_symbol":"","currency_code":"","currency_position":"","values":[]},"website":"","show_map":true,"show_map_link":true,"hide_from_listings":false,"sticky":false,"featured":false,"categories":[],"tags":[],"venue":[],"organizer":[{"id":911,"author":"6","status":"publish","date":"2026-09-01 13:24:15","date_utc":"2026-09-01 11:24:15","modified":"2026-09-01 13:24:15","modified_utc":"2026-09-01 11:24:15","url":"https:\/\/pidm.pum.edu.pl\/kalendarz\/organizer\/janusz-michalak-prezes-zarzadu-wydawnictwa-termedia\/","organizer":"Janusz Michalak Prezes Zarz\u0105du Wydawnictwa Termedia","slug":"janusz-michalak-prezes-zarzadu-wydawnictwa-termedia","json_ld":{"@type":"Person","name":"Janusz Michalak Prezes Zarz\u0105du Wydawnictwa Termedia","description":"","url":"","telephone":"","email":"","sameAs":""},"global_id":"pidm.pum.edu.pl\/kalendarz?id=911","global_id_lineage":["pidm.pum.edu.pl\/kalendarz?id=911"]}],"json_ld":{"@context":"http:\/\/schema.org","@type":"Event","name":"10. Mi\u0119dzynarodowa Konferencja Naukowo-Szkoleniowa OTOLOGIA 2027","description":"&lt;p&gt;Wydarzenie obj\u0119te jest honorowym patronatem Rektora PUM, prof. Leszka Doma\u0144skiego.&lt;\/p&gt;\\n","url":"https:\/\/pidm.pum.edu.pl\/kalendarz\/wydarzenie\/10-miedzynarodowa-konferencja-naukowo-szkoleniowa-otologia-2027\/","eventAttendanceMode":"https:\/\/schema.org\/OfflineEventAttendanceMode","eventStatus":"https:\/\/schema.org\/EventScheduled","startDate":"2027-09-16T08:00:00+02:00","endDate":"2027-09-18T17:00:00+02:00","organizer":{"@type":"Person","name":"Janusz Michalak Prezes Zarz\u0105du Wydawnictwa Termedia","description":"","url":"","telephone":"","email":"","sameAs":""},"performer":"Organization"}}